{"id":564,"date":"2019-01-26T04:38:19","date_gmt":"2019-01-26T01:38:19","guid":{"rendered":"http:\/\/www.shahzadehigual.com\/?p=564"},"modified":"2019-01-26T04:42:48","modified_gmt":"2019-01-26T01:42:48","slug":"yanlis-saksilarda-yeseren-cicekler","status":"publish","type":"post","link":"http:\/\/www.shahzadehigual.com\/en\/yanlis-saksilarda-yeseren-cicekler\/","title":{"rendered":"Yanl\u0131\u015f saks\u0131larda ye\u015feren \u00e7i\u00e7ekler"},"content":{"rendered":"<p>\u0130ran Devrimi&#8217;ne ve \u0130ran-Irak Sava\u015f\u0131&#8217;na \u015fahit olan Yazar Shahzadeh N. \u0130gual, May\u0131s ay\u0131nda yay\u0131nlanan &#8220;Tahran&#8217;\u0131n K\u0131rm\u0131z\u0131 Sirenleri&#8221; kitab\u0131yla ger\u00e7ek bir ya\u015fam \u00f6yk\u00fcs\u00fcn\u00fc ele ald\u0131. Yazar, sava\u015f s\u00fcresince ya\u015fananlar\u0131 t\u00fcm \u00e7\u0131plakl\u0131\u011f\u0131yla anlatt\u0131\u011f\u0131 kitab\u0131nda vatan\u0131ndan uzakla\u015ft\u0131r\u0131lanlar\u0131n trajedisini de sunuyor<\/p>\n<p><strong>SULTAN G\u00dcM\u00dc\u015e \/ \u00d6ZEL HABER<\/strong><\/p>\n<p>Ve iyi kalpli bir dev gelip kurtard\u0131 \u015fehirdeki insanlar\u0131. B\u00f6yle biterdi t\u00fcm masallar Tahran&#8217;da. Vatan hasreti \u00e7ekmemi\u015f insanlara anlatmas\u0131 en zor duygudur, yurt \u00f6zlemi\u00a0dedi \u0130ranl\u0131 Yazar Shahzadeh N. \u0130gual. May\u0131s ay\u0131nda yay\u0131nlanan kitab\u0131,\u00a0 Tahran&#8217;\u0131n K\u0131rm\u0131z\u0131 Sirenleri&#8217;nin imza g\u00fcnleri \u0130gual&#8217;i tan\u0131mam\u0131za ve kendisini tan\u0131tmam\u0131za vesile oldu.\u00a0 Vatans\u0131z Yazar\u00a0 olarak kendini ifade eden \u0130gual, tamda \u00f6yle. \u00c7\u00fcnk\u00fc yazar\u0131m\u0131z, \u00d6nce \u0130slam Devrimi, ard\u0131ndan \u0130ran-Irak Sava\u015f\u0131 derken orada ya\u015fananlara y\u0131llarca tan\u0131kl\u0131k edip ard\u0131ndan T\u00fcrkiye&#8217;ye gelen \u0130ranl\u0131 bir ailenin asi ve m\u00fccadeleci k\u0131z\u0131. Mona Yay\u0131nlar\u0131 taraf\u0131ndan kitapseverlere sunulan\u00a0 Tahran&#8217;\u0131n K\u0131rm\u0131z\u0131 Sirenleri\u00a0 \u0130ran&#8217;\u0131n yak\u0131n tarihinden \u00f6nemli b\u00f6l\u00fcmler sunmakla kalm\u0131yor, sava\u015f\u0131n \u00e7ocuklar \u00fczerindeki etkilerini de ba\u015far\u0131l\u0131 bir \u015fekilde veriyor.<\/p>\n<p>Shahzadeh Han\u0131mla, kendisinin 15 y\u0131l \u00f6nce Bostanl\u0131&#8217;da i\u015fletti\u011fi ve tesad\u00fcfen girdi\u011fimiz kafede keyifli bir sohbet ger\u00e7ekle\u015ftirdik. \u0130gual ile t\u0131pk\u0131 sonradan g\u00f6zlemleyerek hat\u0131rlad\u0131\u011f\u0131 bu eski kafesindeki an\u0131lar\u0131 gibi vatan hasreti \u00e7ekti\u011fi \u0130ran&#8217;\u0131 da konu\u015ftuk. Ama \u00f6nce Shahzadeh N. \u0130gual kimdir sorusunu yan\u0131tlayal\u0131m.<\/p>\n<p>&nbsp;<\/p>\n<p><strong>\u0130RANLI TUR L\u0130DER\u0130<\/strong><\/p>\n<p>Hem \u0130ran hem T\u00fcrk vatanda\u015f\u0131 olan \u0130gual, 1978 Tahran do\u011fumlu. Annesi ve iki k\u0131z karde\u015fiyle \u0130zmir&#8217;e yerle\u015fen \u0130gual, konu\u015fmas\u0131na \u015f\u00f6yle ba\u015flad\u0131:\u00a0 Tahran&#8217;da do\u011fdum. \u0130ran-Irak Sava\u015f\u0131&#8217;na, Tahran&#8217;da ilk\u00f6\u011fretim \u00e7a\u011f\u0131nda bir \u00e7ocu\u011fun g\u00f6z\u00fcyle tan\u0131kl\u0131k ettim. 1990 y\u0131l\u0131nda annem ve k\u0131z karde\u015flerimle T\u00fcrkiye&#8217;ye geldim. \u00d6\u011frenim hayat\u0131m\u0131 \u0130zmir&#8217;de tamamlad\u0131m. Kahvenin yeti\u015fti\u011fi pek \u00e7ok \u00fclkeye ayak bast\u0131m. \u0130pek Yolu&#8217;nda uzun bir yolculu\u011fa \u00e7\u0131kt\u0131m. Neredeyse d\u00fcnyan\u0131n bir\u00e7ok \u00fclkesini gezdim. Orta Do\u011fu dinleri hakk\u0131ndaki ara\u015ft\u0131rmalar\u0131m\u0131 y\u0131llar boyu s\u00fcren yolculuklar s\u0131ras\u0131nda tamamlad\u0131m. Tematik geziler ve i\u015f gezilerinde uzmanla\u015ft\u0131m, F&amp;B sekt\u00f6r\u00fcnde y\u00f6neticilik yapt\u0131m. \u00c7o\u011fu \u0130ran&#8217;da yay\u0131nlanan pek \u00e7ok makale ve yay\u0131nlara imza att\u0131m, \u0130ran sinemas\u0131ndan ve \u00e7ok say\u0131da \u00f6rne\u011fin aralar\u0131nda bulundu\u011fu Fars\u00e7a baz\u0131 eserleri T\u00fcrk\u00e7eye \u00e7evirdim. \u0130stanbul&#8217;da ya\u015f\u0131yorum \u015fuan, ikinci roman\u0131m ve yeni projelerim \u00fczerinde \u00e7al\u0131\u015f\u0131yorum. \u0130ran hakk\u0131nda s\u00f6yle\u015filere konu\u015fmac\u0131 olarak kat\u0131l\u0131yorum. T\u00fcrkiye\u0092den k\u00fclt\u00fcr turu gruplar\u0131na \u0130ran&#8217;da \u0130ranl\u0131 bir tur lideri olarak e\u015flik ederken konuklar\u0131m\u0131 memleketinde ev sahibi olarak a\u011f\u0131rlaman\u0131n keyfini ya\u015f\u0131yorum.<\/p>\n<p><strong>VATANSIZ YAZAR<\/strong><\/p>\n<p>Benimkisi vatans\u0131zl\u0131k\u00a0 diyen ve sava\u015ftan dolay\u0131 \u00fclkelerini terk etmek zorunda kalan insanlar\u0131n ac\u0131lar\u0131na da de\u011finen \u0130gual,\u00a0 \u0130ran&#8217;da \u00f6nce \u0130slam devrimi ya\u015fand\u0131, sonra \u0130ran-Irak sava\u015f\u0131 ba\u015flad\u0131. \u00dclkem kar\u0131\u015ft\u0131. Buna neden olan her \u015feyi lanetliyorum. \u00c7\u00fcnk\u00fc, 1979 y\u0131l\u0131nda de\u011fi\u015fen rejimle ters d\u00fc\u015f\u00fcnenlerin ve yeni sisteme direnemeyen bir kitlenin gitmekten gayr\u0131 hi\u00e7bir \u00e7aresi yoktu. Tutuklan\u0131p, hapsedilen ya da \u00f6ld\u00fcr\u00fclenlerin d\u0131\u015f\u0131ndakiler ya gittiler ya s\u00fcr\u00fcld\u00fcler. Yasemin kokulu, kocaman bir anneanne evinden, hi\u00e7 bilinmedik yabanc\u0131 diyarlara g\u00f6\u00e7 eden ailelerden birinin k\u0131z\u0131 da, \u0130zmir&#8217;de\u00a0 klorak, boyoz, \u00e7i\u011fdem\u00a0 demeyi, MF\u00d6 \u015fark\u0131lar\u0131n\u0131 ve Tuna Hu\u015f&#8217;un sesinden T\u00fcrk\u00e7eyi \u00f6\u011frenecekti. Bu sebepten benim T\u00fcrkiye ile ili\u015fkim, g\u00f6r\u00fcc\u00fc usul\u00fcyle evlenmeye benziyor. \u00d6nce kabul edip, sonra al\u0131\u015f\u0131yorsunuz, en sonunda da seviyorsunuz. Tahran&#8217;a giderken T\u00fcrkiye&#8217;yi \u00f6zl\u00fcyorum, d\u00f6nerken y\u00fcre\u011fim \u0130ran&#8217;da kal\u0131yor. Benimkisi vatans\u0131zl\u0131k\u00a0 dedi.<\/p>\n<p>Kahramanlar\u0131m\u0131 kaybettim\u00a0 diyen \u0130gual i\u00e7in babas\u0131n\u0131n ve annesinin \u00f6l\u00fcm\u00fc tam bir y\u0131k\u0131md\u0131. Hatta \u0130gual bu nedenden \u00f6t\u00fcr\u00fc kitab\u0131 daha ge\u00e7 bir tarihte \u00e7\u0131karm\u0131\u015f. Ancak e\u015finin deste\u011fiyle 6 ay i\u00e7erisinde kitab\u0131n\u0131 tamamlam\u0131\u015f. Ailesindeki \u00f6l\u00fcmlere yer veren \u0130gual, ba\u015fkahramanlar\u0131m dedi\u011fi anne ve babas\u0131na ili\u015fkin \u015funlar\u0131 s\u00f6yledi:\u00a0 Babam vefat etmeden \u00f6nce, benim ve iki k\u0131z karde\u015fimin yurt d\u0131\u015f\u0131nda okumas\u0131 i\u00e7in annemle bizi Kanada&#8217;ya g\u00f6ndermek istedi. Biz \u00f6nce \u0130stanbul&#8217;a geldik. Ben 12 ya\u015f\u0131ndayd\u0131m. \u0130stanbul&#8217;dan \u0130zmir&#8217;e ge\u00e7tik. Kanada&#8217;ya gitmek istedik ama annem T\u00fcrkiye&#8217;nin \u0130ran&#8217;a s\u0131n\u0131r \u00fclke olmas\u0131 nedeniyle \u0130zmir&#8217;de kalmam\u0131z\u0131n daha iyi olaca\u011f\u0131n\u0131 d\u00fc\u015f\u00fcnd\u00fc. \u00dclkemize, babam\u0131za yak\u0131n olal\u0131m diye. 2006&#8217;da yazmaya ba\u015flam\u0131\u015ft\u0131m ancak 2007&#8217;de annemi kaybedince yazd\u0131klar\u0131m\u0131 kald\u0131rd\u0131m, y\u0131llarca bakamad\u0131m. \u00c7\u00fcnk\u00fc bu roman\u0131n kahraman\u0131yd\u0131 annem.<\/p>\n<p><strong>ANNEME VE E\u015e\u0130ME \u0130THAFEN<\/strong><\/p>\n<p>Keyifli sohbetimize devam etti\u011fimiz \u0130gual ile annesine ve e\u015fine ithafen yazd\u0131\u011f\u0131 kitab\u0131 hakk\u0131nda da konu\u015ftuk.<\/p>\n<p>Tahran&#8217;\u0131n K\u0131rm\u0131z\u0131 Sirenleri , \u0130ran&#8217;\u0131n en sayg\u0131n ailelerinden birinin, devrim ve sava\u015f\u0131n ard\u0131ndan ya\u015fad\u0131\u011f\u0131 ac\u0131y\u0131 ama her \u015feye ra\u011fmen birbirlerine olan ba\u011fl\u0131l\u0131klar\u0131n\u0131 anlatan sevgi ve h\u00fcz\u00fcnle bezenmi\u015f bir roman. Asl\u0131nda \u0130gual&#8217;in tan\u0131m\u0131na g\u00f6re tam da bir roman de\u011fil. Roman tad\u0131nda bir otobiyografi.<\/p>\n<div class=\"google-auto-placed ap_container\"><\/div>\n<p>Kitapta yazar- anlat\u0131c\u0131-kahraman benze\u015fmesi g\u00f6r\u00fcl\u00fcyor. Buradan da hareketle yazar ya\u015fad\u0131klar\u0131ndan yola \u00e7\u0131karak kurgulad\u0131\u011f\u0131 roman\u0131nda bir\u00e7ok \u00e7ocu\u011fun sava\u015f i\u00e7indeki durumunu t\u00fcm ger\u00e7ekli\u011fiyle lanse ediyor. Kitap, ba\u015fta kahraman\u0131m\u0131z olmak \u00fczere sadece \u0130ranl\u0131 de\u011fil Irak&#8217;tan \u0130ran&#8217;a gelen \u00e7ocuklar\u0131nda varl\u0131\u011f\u0131ndan haberdar ediyor okuru. \u00c7ocuklar\u0131n sava\u015ftan en \u00e7ok etkilenenler oldu\u011fu canl\u0131 bir \u015fekilde g\u00f6r\u00fcl\u00fcyor yap\u0131tta.<\/p>\n<p>Kitaba dair aktar\u0131mlarda bulunan \u0130gual, \u0093Eser, \u0130ran \u0130slam Devrimi g\u00fcnlerinden ba\u015flayarak bug\u00fcne uzanan s\u00fcre\u00e7te yak\u0131n tarihte kom\u015fumuz \u0130ran\u0092da ya\u015fananlar\u0131 sunuyor, \u0130ran&#8217;\u0131n devrim sonras\u0131nda Irak&#8217;la sava\u015ft\u0131\u011f\u0131 y\u0131llar\u0131 ve uygulanan ambargoyu anlat\u0131yor. Ambargonun \u00fclkede ne gibi sorunlara yol a\u00e7t\u0131\u011f\u0131n\u0131 anlatt\u0131\u011f\u0131 b\u00f6l\u00fcmler ise olduk\u00e7a etkileyici. Tahran&#8217;\u0131n K\u0131rm\u0131z\u0131 Sirenleri \u0130ran&#8217;\u0131n her t\u00fcrl\u00fc d\u0131\u015f bask\u0131ya, ambargoya direnerek ve kendi kaynaklar\u0131yla b\u00fcy\u00fcd\u00fc\u011f\u00fcn\u00fc g\u00f6steriyor\u00a0 diye konu\u015ftu.<\/p>\n<p>Sava\u015f s\u00fcresince k\u0131rm\u0131z\u0131 sirenlerin duyuldu\u011funu belirten \u0130gual, kitab\u0131n isminde de \u00f6zellikle bunu vurgulad\u0131\u011f\u0131na dikkat \u00e7ekti. K\u0131rm\u0131z\u0131 sirenlerden \u00f6t\u00fcr\u00fc k\u0131rm\u0131z\u0131 renkten uzakla\u015ft\u0131\u011f\u0131n\u0131 ancak zaman i\u00e7erisinde k\u0131rm\u0131z\u0131yla bar\u0131\u015ft\u0131\u011f\u0131n\u0131 ifade eden yazar\u0131m\u0131z, imza g\u00fcnlerinde \u00f6zellikle k\u0131rm\u0131z\u0131 bir detay kulland\u0131\u011f\u0131n\u0131 s\u00f6yledi.<\/p>\n<p>\u0130ran; tarihin, \u015fiirin ve renklerin \u00fclkesidir\u00a0 diyen \u0130gual, medya taraf\u0131ndan \u0130ran&#8217;\u0131n yanl\u0131\u015f yans\u0131t\u0131larak \u00f6n yarg\u0131lara yol a\u00e7t\u0131\u011f\u0131n\u0131 ve kad\u0131nlar\u0131n ya\u015fam\u0131n her alan\u0131nda aktif rol ald\u0131\u011f\u0131n\u0131 belirterek \u00f6zellikle de sanat alan\u0131nda \u0130ran&#8217;\u0131n ba\u015far\u0131lar\u0131ndan bahsetti. Alg\u0131 operasyonu yaratmak ve \u0130ran&#8217;\u0131 karalayarak ba\u015far\u0131lar\u0131na set koymak ad\u0131na bu tarz eylemlerin yap\u0131ld\u0131\u011f\u0131na de\u011finen \u0130gual, bunlar\u0131n \u00f6n\u00fcne ge\u00e7mek i\u00e7in \u0130ran&#8217;a turlar d\u00fczenlendi\u011fini, turlarda liderlik yapt\u0131\u011f\u0131n\u0131 ve tur sonunda \u0130ran&#8217;\u0131 ilk kez g\u00f6ren insanlar\u0131n \u00f6n yarg\u0131lar\u0131n\u0131n kalkt\u0131\u011f\u0131n\u0131 kaydetti.<\/p>\n<div class=\"google-auto-placed ap_container\"><\/div>\n<p>\u0130gual,\u00a0 \u0130ran \u00e7ok ac\u0131lar \u00e7ekti. Dilerim, b\u00f6yle ac\u0131lar\u0131 T\u00fcrkiye \u00e7ekmesin diyerek s\u00f6zlerini sonland\u0131rd\u0131.<\/p>\n<p>&nbsp;<\/p>\n","protected":false},"excerpt":{"rendered":"<p>\u0130ran Devrimi&#8217;ne ve \u0130ran-Irak Sava\u015f\u0131&#8217;na \u015fahit olan Yazar Shahzadeh N. \u0130gual, May\u0131s ay\u0131nda yay\u0131nlanan &#8220;Tahran&#8217;\u0131n K\u0131rm\u0131z\u0131 Sirenleri&#8221; kitab\u0131yla ger\u00e7ek bir ya\u015fam \u00f6yk\u00fcs\u00fcn\u00fc ele ald\u0131. Yazar, sava\u015f s\u00fcresince ya\u015fananlar\u0131 t\u00fcm \u00e7\u0131plakl\u0131\u011f\u0131yla anlatt\u0131\u011f\u0131 kitab\u0131nda vatan\u0131ndan uzakla\u015ft\u0131r\u0131lanlar\u0131n trajedisini de sunuyor SULTAN G\u00dcM\u00dc\u015e \/ \u00d6ZEL HABER Ve iyi kalpli bir dev gelip kurtard\u0131 \u015fehirdeki insanlar\u0131. B\u00f6yle biterdi t\u00fcm masallar [&hellip;]<\/p>\n","protected":false},"author":1,"featured_media":0,"comment_status":"closed","ping_status":"closed","sticky":false,"template":"","format":"standard","meta":{"om_disable_all_campaigns":false,"_monsterinsights_skip_tracking":false,"_monsterinsights_sitenote_active":false,"_monsterinsights_sitenote_note":"","_monsterinsights_sitenote_category":0,"_uf_show_specific_survey":0,"_uf_disable_surveys":false,"footnotes":""},"categories":[75],"tags":[],"class_list":["post-564","post","type-post","status-publish","format-standard","hentry","category-press"],"aioseo_notices":[],"_links":{"self":[{"href":"http:\/\/www.shahzadehigual.com\/en\/wp-json\/wp\/v2\/posts\/564\/"}],"collection":[{"href":"http:\/\/www.shahzadehigual.com\/en\/wp-json\/wp\/v2\/posts\/"}],"about":[{"href":"http:\/\/www.shahzadehigual.com\/en\/wp-json\/wp\/v2\/types\/post\/"}],"author":[{"embeddable":true,"href":"http:\/\/www.shahzadehigual.com\/en\/wp-json\/wp\/v2\/users\/1\/"}],"replies":[{"embeddable":true,"href":"http:\/\/www.shahzadehigual.com\/en\/wp-json\/wp\/v2\/comments\/?post=564"}],"version-history":[{"count":1,"href":"http:\/\/www.shahzadehigual.com\/en\/wp-json\/wp\/v2\/posts\/564\/revisions\/"}],"predecessor-version":[{"id":565,"href":"http:\/\/www.shahzadehigual.com\/en\/wp-json\/wp\/v2\/posts\/564\/revisions\/565\/"}],"wp:attachment":[{"href":"http:\/\/www.shahzadehigual.com\/en\/wp-json\/wp\/v2\/media\/?parent=564"}],"wp:term":[{"taxonomy":"category","embeddable":true,"href":"http:\/\/www.shahzadehigual.com\/en\/wp-json\/wp\/v2\/categories\/?post=564"},{"taxonomy":"post_tag","embeddable":true,"href":"http:\/\/www.shahzadehigual.com\/en\/wp-json\/wp\/v2\/tags\/?post=564"}],"curies":[{"name":"wp","href":"https:\/\/api.w.org\/{rel}","templated":true}]}}